{"id":215,"date":"2022-09-30T17:13:17","date_gmt":"2022-09-30T17:13:17","guid":{"rendered":"https:\/\/voigtnet.de\/?p=215"},"modified":"2022-09-30T17:13:17","modified_gmt":"2022-09-30T17:13:17","slug":"der-neunundzwanzigste-tag","status":"publish","type":"post","link":"https:\/\/voigtnet.de\/?p=215","title":{"rendered":"Der neunundzwanzigste Tag"},"content":{"rendered":"\n<p>Adeus Porto. Ab heute sind wir keine Porto-Gals mehr. Heute soll es nach Madrid gehen, die Stadt, in der wir nur sind, weil wir da eh durch m\u00fcssen, deshalb gibt&#8217;s auch nur zwei \u00dcbernachtungen da. Der Zug f\u00e4hrt um 8:13 Uhr, die U-Bahn noch fr\u00fcher. So wurde um 6 aufgestanden, gefr\u00fchst\u00fcckt und zu Ende gepackt, es war dann doch wieder knapp und so wurde mit gro\u00dfen Schritten zur U-Bahn marschiert. Da hat dann aber alles geklappt und die Fahrt zum ersten Stopp Vigo lief spitze. Da angekommen wollten wir in den 55m Umstiegszeit schon den Zug von Pontevedra, dem zweiten Stopp, nach Madrid buchen. Nun, der von Pontevedra war schon ausgebucht, es gibt aber noch einen von Vigo aus um 17:08 Uhr. So hatten wir dann von 11:38 Uhr bis 17:08 Uhr Zeit, das sch\u00f6ne Vigo zu genie\u00dfen mit knapp 30kg Gep\u00e4ck. Deshalb wurde sich erst 2 Stunden in ein Caf\u00e9 nahe dem Bahnhof gesetzt und geschrieben und gelesen. Als wir meinten, dass es dreist w\u00e4re noch l\u00e4nger zu bleiben haben wir uns auf gemacht in einen gr\u00fcnen Fleck auf Maps, der sich als in ordnunger Park mit so einer gro\u00dfen Schwimmerskulptur, die im Beton schwimmt und sehr alt aussehenden Olivenb\u00e4umen entpuppt hat. Da wurde dann der Rest der Wartezeit verbracht und sich dann mit viel Luft auf den Weg zum anderen Bahnhof gemacht, von dem unser Zug fahren w\u00fcrde. Der Weg hat sich als beschwerlicher als erw\u00fcnscht erwiesen, nach einem fixen Einkauf haben wir uns n\u00e4mlich mit 8.849 H\u00f6henmetern Treppen konfrontiert vorgefunden. Die wurden dann in der scheinenden Sonne zur\u00fcckgelegt, bis wir endlich in der Mall in den Zugbereich gekommen sind. Nachdem sich da zurechtgefunden wurde ging es auf Richtung Madrid. Die 4h 44m gingen dann ganz gut um und um 22 Uhr in Madrid haben wir sogar einen Zug nach Sol gefunden, der Haltestelle in der N\u00e4he unseres Airbnbs. Aus besagter Station rauszukommen war erstaunlich schwierig, die war n\u00e4mlich n\u00e4her am Erdkern, als an der Erdoberfl\u00e4che, so wurden wieder einige Treppenh\u00f6henmeter zur\u00fcckgelegt, diesmal erfreulicherweise mit Rolltreppen. In Madrid auf dem Weg zum Airbnb haben wir dann bemerkt, dass Madrid echt gro\u00df ist, so mit richtig breiten Stra\u00dfen und Pl\u00e4tzen, die von der Gr\u00f6\u00dfe und F\u00fclle an Menschen an das Times Square erinnern. In unserer Wohnung, die eigenetlich Giselle geh\u00f6rt, sind in zwei anderen Zimmern noch andere Airbnbler, denen sollten wir aber \u00fcberhaupt nicht begegnen. Ihre Wohnung riecht ein bisschen nach so Wohnungsparfum, ist aber ganz nett eingerichtet und unser Zimmer ist toppi. Nach gr\u00fcnen Tagliatelle wars das dann f\u00fcr den Tag. <\/p>\n\n\n\n<figure class=\"wp-block-image size-large is-resized\"><img loading=\"lazy\" decoding=\"async\" src=\"https:\/\/voigtnet.de\/wp-content\/uploads\/2022\/09\/IMG_9033-768x1024.jpg\" alt=\"\" class=\"wp-image-216\" width=\"416\" height=\"554\" srcset=\"https:\/\/voigtnet.de\/wp-content\/uploads\/2022\/09\/IMG_9033-768x1024.jpg 768w, https:\/\/voigtnet.de\/wp-content\/uploads\/2022\/09\/IMG_9033-225x300.jpg 225w, https:\/\/voigtnet.de\/wp-content\/uploads\/2022\/09\/IMG_9033-1152x1536.jpg 1152w, https:\/\/voigtnet.de\/wp-content\/uploads\/2022\/09\/IMG_9033-1536x2048.jpg 1536w, https:\/\/voigtnet.de\/wp-content\/uploads\/2022\/09\/IMG_9033-scaled.jpg 1920w\" sizes=\"(max-width: 416px) 100vw, 416px\" \/><figcaption>Plastikt\u00fcte in bedruckter Papiert\u00fcte: #PLASTICFREE, PLEASE SAVE THE PLANET<\/figcaption><\/figure>\n\n\n\n<p><\/p>\n\n\n\n<p><\/p>\n\n\n\n<p><\/p>\n","protected":false},"excerpt":{"rendered":"<p>Adeus Porto. Ab heute sind wir keine Porto-Gals mehr. Heute soll es nach Madrid gehen, die Stadt, in der wir nur sind, weil wir da eh durch m\u00fcssen, deshalb gibt&#8217;s auch nur zwei \u00dcbernachtungen da. Der Zug f\u00e4hrt um 8:13 &hellip; <a href=\"https:\/\/voigtnet.de\/?p=215\">Weiterlesen <span class=\"meta-nav\">&rarr;<\/span><\/a><\/p>\n","protected":false},"author":2,"featured_media":0,"comment_status":"open","ping_status":"open","sticky":false,"template":"","format":"standard","meta":{"footnotes":""},"categories":[4],"tags":[],"class_list":["post-215","post","type-post","status-publish","format-standard","hentry","category-interrail"],"_links":{"self":[{"href":"https:\/\/voigtnet.de\/index.php?rest_route=\/wp\/v2\/posts\/215"}],"collection":[{"href":"https:\/\/voigtnet.de\/index.php?rest_route=\/wp\/v2\/posts"}],"about":[{"href":"https:\/\/voigtnet.de\/index.php?rest_route=\/wp\/v2\/types\/post"}],"author":[{"embeddable":true,"href":"https:\/\/voigtnet.de\/index.php?rest_route=\/wp\/v2\/users\/2"}],"replies":[{"embeddable":true,"href":"https:\/\/voigtnet.de\/index.php?rest_route=%2Fwp%2Fv2%2Fcomments&post=215"}],"version-history":[{"count":1,"href":"https:\/\/voigtnet.de\/index.php?rest_route=\/wp\/v2\/posts\/215\/revisions"}],"predecessor-version":[{"id":217,"href":"https:\/\/voigtnet.de\/index.php?rest_route=\/wp\/v2\/posts\/215\/revisions\/217"}],"wp:attachment":[{"href":"https:\/\/voigtnet.de\/index.php?rest_route=%2Fwp%2Fv2%2Fmedia&parent=215"}],"wp:term":[{"taxonomy":"category","embeddable":true,"href":"https:\/\/voigtnet.de\/index.php?rest_route=%2Fwp%2Fv2%2Fcategories&post=215"},{"taxonomy":"post_tag","embeddable":true,"href":"https:\/\/voigtnet.de\/index.php?rest_route=%2Fwp%2Fv2%2Ftags&post=215"}],"curies":[{"name":"wp","href":"https:\/\/api.w.org\/{rel}","templated":true}]}}