{"id":219,"date":"2022-09-30T17:16:35","date_gmt":"2022-09-30T17:16:35","guid":{"rendered":"https:\/\/voigtnet.de\/?p=219"},"modified":"2022-09-30T17:16:35","modified_gmt":"2022-09-30T17:16:35","slug":"der-dreissigste-tag","status":"publish","type":"post","link":"https:\/\/voigtnet.de\/?p=219","title":{"rendered":"Der drei\u00dfigste Tag"},"content":{"rendered":"\n<p>Jetzt geht es mit den Tageszahlen los, von denen ich bei &#8222;Der erste Tag&#8220; dachte, dass die dann schon echt gro\u00df sind. Heute ist unser einziger Tag in Madrid. Es sollte ein sch\u00f6ner werden. Nach bekanntem Fr\u00fchst\u00fcck haben wir uns in die sonnige Stadt aufgemacht. Daf\u00fcr hatte ausnahmsweise ich mal ein paar schicke Sachen rausgesucht. So ging es erst auf den Plaza Mayor, der \u00fcberraschenderweise ein gro\u00dfer Platz war, mit so einem sch\u00f6nen Arkadengang au\u00dfenrum. In der Mitte gab es auch wieder eine h\u00fcbsche Reiterbronze und generell war der Platz und die Stra\u00dfen, in die wir vom Platz aus gucken konnten, echt h\u00fcbsch. Eigentlich wollte ich uns dann zur Air Crash Sculpture f\u00fchren, ich hab den Punkt aber bei Maps \u00fcbersehen, sodass es dann in das Barrio Latina ging, was ein wenig abseits davon lag. Da gab es dann neben sch\u00f6nen Stra\u00dfen und H\u00e4usern nicht viel, sodass wir uns weiter zum Las Vistillas Garden begeben haben. Das ist so ein kleiner Park, der auf der Secret Things to do in Madrid Liste war, in dem voll viele Familien chillen. Generell war es da irgendwie sehr friedlich und vergleichsweise ruhig. Da wurden dann die Schokocroissants und der Apfel hinuntergegobblet und sich \u00fcber die Friedlichkeit des Ortes und die Art und Weise, mit der Kinder die Welt betrachten, unterhalten. Wir hatten auf dem Weg schon einen anderen Park gesehen, zu dem sind wir dann zwar nicht gegangen, aber zu einem anderen mit einem Teich mit Springbrunnen in der Mitte. Da haben wir uns dann auf dem marmornen Teichrand gesetzt und das Wetter, die Umgebung und unser Leben genossen. Die bereits von uns von den beiden Parks aus gespottete Almudena-Kathedrale war dann unser n\u00e4chster Stop, die war einfach ein riesen Komplex, von innen waren die Decken aber alle ziemlich niedrig und es war trotz der wei\u00dfen Steine ziemlich dunkel. Seltsam waren irgendwie die ganzen Grabplatten im Fu\u00dfboden und der gesamte Innenaufbau, weil der quasi ein S\u00e4ulenwald war. Die war jedenfalls sehr k\u00fchl und somit sch\u00f6n. Den K\u00f6nishauspalast haben wir irgendwie ausversehen \u00fcbersprungen, daf\u00fcr sind wir dann doch noch zur Air Crash Sculpture gegangen und damit unsere Mini Barcelona Rundtour abgerundet. Nach Tomaten-Mozzarella-Baguette ging es dann noch einmal auf die Stra\u00dfen, es war dann schon d\u00e4mmerig und so konnten wir Madrid noch einmal in einem anderen Licht erleben. Mit den ganzen Leuchtschildern und den Auto- Roller- und E-Scooterlichtern sah die Stadt gleich ganz anders aus, hat uns aber immer noch \u00fcberraschend gut gefallen. Insgesamt mag ich Madrid deutlich lieber, als Barcelona, weil es irgendwie in den einen Stra\u00dfen richtig s\u00fc\u00df ist mit h\u00fcbschen H\u00e4userzeilen und hellen, begr\u00fcnten Pl\u00e4tzen und in es den anderen Stra\u00dfen das weitl\u00e4ufige, gesch\u00e4ftige Treiben der Gro\u00dfst\u00e4dtler zu sehen gibt. Die ganzen Ger\u00e4usche und Eindr\u00fccke w\u00fcrde mich nach einigen Tagen glaube ich ganz sch\u00f6n stressen, so f\u00fcr ein paar Tage Stelle ich mir Madrid aber sehr sch\u00f6n vor. Naja, auf unserem Abendspaziergang sind wir auch noch an der Bank of Spain vorbeigekommen, die f\u00fcr Tokio wohl eher die Bank of Pain war. Trotzdem wurden dann gr\u00fcne Tagliatelle mit Tomatenso\u00dfe gegessen. <\/p>\n\n\n\n<figure class=\"wp-block-image size-large\"><img loading=\"lazy\" decoding=\"async\" width=\"768\" height=\"1024\" src=\"https:\/\/voigtnet.de\/wp-content\/uploads\/2022\/09\/IMG_9038-768x1024.jpg\" alt=\"\" class=\"wp-image-220\" srcset=\"https:\/\/voigtnet.de\/wp-content\/uploads\/2022\/09\/IMG_9038-768x1024.jpg 768w, https:\/\/voigtnet.de\/wp-content\/uploads\/2022\/09\/IMG_9038-225x300.jpg 225w, https:\/\/voigtnet.de\/wp-content\/uploads\/2022\/09\/IMG_9038-1152x1536.jpg 1152w, https:\/\/voigtnet.de\/wp-content\/uploads\/2022\/09\/IMG_9038-1536x2048.jpg 1536w, https:\/\/voigtnet.de\/wp-content\/uploads\/2022\/09\/IMG_9038-scaled.jpg 1920w\" sizes=\"(max-width: 768px) 100vw, 768px\" \/><\/figure>\n\n\n\n<figure class=\"wp-block-image size-large\"><img loading=\"lazy\" decoding=\"async\" width=\"768\" height=\"1024\" src=\"https:\/\/voigtnet.de\/wp-content\/uploads\/2022\/09\/IMG_9037-768x1024.jpg\" alt=\"\" class=\"wp-image-221\" srcset=\"https:\/\/voigtnet.de\/wp-content\/uploads\/2022\/09\/IMG_9037-768x1024.jpg 768w, https:\/\/voigtnet.de\/wp-content\/uploads\/2022\/09\/IMG_9037-225x300.jpg 225w, https:\/\/voigtnet.de\/wp-content\/uploads\/2022\/09\/IMG_9037-1152x1536.jpg 1152w, https:\/\/voigtnet.de\/wp-content\/uploads\/2022\/09\/IMG_9037-1536x2048.jpg 1536w, https:\/\/voigtnet.de\/wp-content\/uploads\/2022\/09\/IMG_9037-scaled.jpg 1920w\" sizes=\"(max-width: 768px) 100vw, 768px\" \/><\/figure>\n\n\n\n<figure class=\"wp-block-image size-large\"><img loading=\"lazy\" decoding=\"async\" width=\"768\" height=\"1024\" src=\"https:\/\/voigtnet.de\/wp-content\/uploads\/2022\/09\/IMG_9057-1-768x1024.jpg\" alt=\"\" class=\"wp-image-222\" srcset=\"https:\/\/voigtnet.de\/wp-content\/uploads\/2022\/09\/IMG_9057-1-768x1024.jpg 768w, https:\/\/voigtnet.de\/wp-content\/uploads\/2022\/09\/IMG_9057-1-225x300.jpg 225w, https:\/\/voigtnet.de\/wp-content\/uploads\/2022\/09\/IMG_9057-1-1152x1536.jpg 1152w, https:\/\/voigtnet.de\/wp-content\/uploads\/2022\/09\/IMG_9057-1-1536x2048.jpg 1536w, https:\/\/voigtnet.de\/wp-content\/uploads\/2022\/09\/IMG_9057-1-scaled.jpg 1920w\" sizes=\"(max-width: 768px) 100vw, 768px\" \/><\/figure>\n","protected":false},"excerpt":{"rendered":"<p>Jetzt geht es mit den Tageszahlen los, von denen ich bei &#8222;Der erste Tag&#8220; dachte, dass die dann schon echt gro\u00df sind. Heute ist unser einziger Tag in Madrid. Es sollte ein sch\u00f6ner werden. Nach bekanntem Fr\u00fchst\u00fcck haben wir uns &hellip; <a href=\"https:\/\/voigtnet.de\/?p=219\">Weiterlesen <span class=\"meta-nav\">&rarr;<\/span><\/a><\/p>\n","protected":false},"author":2,"featured_media":0,"comment_status":"open","ping_status":"open","sticky":false,"template":"","format":"standard","meta":{"footnotes":""},"categories":[4],"tags":[],"class_list":["post-219","post","type-post","status-publish","format-standard","hentry","category-interrail"],"_links":{"self":[{"href":"https:\/\/voigtnet.de\/index.php?rest_route=\/wp\/v2\/posts\/219"}],"collection":[{"href":"https:\/\/voigtnet.de\/index.php?rest_route=\/wp\/v2\/posts"}],"about":[{"href":"https:\/\/voigtnet.de\/index.php?rest_route=\/wp\/v2\/types\/post"}],"author":[{"embeddable":true,"href":"https:\/\/voigtnet.de\/index.php?rest_route=\/wp\/v2\/users\/2"}],"replies":[{"embeddable":true,"href":"https:\/\/voigtnet.de\/index.php?rest_route=%2Fwp%2Fv2%2Fcomments&post=219"}],"version-history":[{"count":1,"href":"https:\/\/voigtnet.de\/index.php?rest_route=\/wp\/v2\/posts\/219\/revisions"}],"predecessor-version":[{"id":223,"href":"https:\/\/voigtnet.de\/index.php?rest_route=\/wp\/v2\/posts\/219\/revisions\/223"}],"wp:attachment":[{"href":"https:\/\/voigtnet.de\/index.php?rest_route=%2Fwp%2Fv2%2Fmedia&parent=219"}],"wp:term":[{"taxonomy":"category","embeddable":true,"href":"https:\/\/voigtnet.de\/index.php?rest_route=%2Fwp%2Fv2%2Fcategories&post=219"},{"taxonomy":"post_tag","embeddable":true,"href":"https:\/\/voigtnet.de\/index.php?rest_route=%2Fwp%2Fv2%2Ftags&post=219"}],"curies":[{"name":"wp","href":"https:\/\/api.w.org\/{rel}","templated":true}]}}