{"id":323,"date":"2026-03-14T22:27:02","date_gmt":"2026-03-14T22:27:02","guid":{"rendered":"https:\/\/voigtnet.de\/?p=323"},"modified":"2026-03-14T22:27:02","modified_gmt":"2026-03-14T22:27:02","slug":"portugal-tag-8","status":"publish","type":"post","link":"https:\/\/voigtnet.de\/?p=323","title":{"rendered":"Portugal Tag 8"},"content":{"rendered":"\n<figure class=\"wp-block-image size-large\"><img loading=\"lazy\" decoding=\"async\" width=\"1024\" height=\"768\" src=\"https:\/\/voigtnet.de\/wp-content\/uploads\/2026\/03\/10879-1024x768.jpg\" alt=\"\" class=\"wp-image-324\" srcset=\"https:\/\/voigtnet.de\/wp-content\/uploads\/2026\/03\/10879-1024x768.jpg 1024w, https:\/\/voigtnet.de\/wp-content\/uploads\/2026\/03\/10879-300x225.jpg 300w, https:\/\/voigtnet.de\/wp-content\/uploads\/2026\/03\/10879-768x576.jpg 768w, https:\/\/voigtnet.de\/wp-content\/uploads\/2026\/03\/10879-1536x1152.jpg 1536w, https:\/\/voigtnet.de\/wp-content\/uploads\/2026\/03\/10879-2048x1536.jpg 2048w, https:\/\/voigtnet.de\/wp-content\/uploads\/2026\/03\/10879-400x300.jpg 400w\" sizes=\"(max-width: 1024px) 100vw, 1024px\" \/><\/figure>\n\n\n\n<p>11.03.2026<br>Ich bin sehr gut ausgeruht von meinem Wecker erst um 8 Uhr aufgewacht, Alex Lukas und Lea waren da zumindest noch im Bett. Danach gab es bald wieder Haferflocken mit Orange und Apfel und N\u00fcssen und wir haben beim Fr\u00fchst\u00fcck sehr locker mit Lea und Martha gequatscht (deren Namen wir erst deutlich sp\u00e4ter rausfanden). Das war sehr entspannt, bis Alex von seinem letzten Trail erz\u00e4hlen musste. Na, ich war wenigstens schon fast fertig. Lea und ich haben dann wieder viel l\u00e4nger gebraucht als alle anderen und so sind wir nach dem Pastel de Nata Kaufen (sehr zur Unzufriedenheit der Mitarbeiterin auf portugiesisch) erst um 10:30 Uhr oder so losgekommen. Aber wir sind. Die andere Seite des Flusses lie\u00df sich deutlich besser herunter laufen und wir waren schnell am Meer, wo Lukas, Gabriel und Helen (eine ~70 J\u00e4hrige Kanadierin) schon am wandern waren. Den Dreien haben wir uns ziemlich lange angeschlossen. Mit denen wurde dann durch eine Schlucht, die sehr schmale, steile, schotterige Serpentinen als Weg hatte, an die Klippe und bis zur Aussichtsplattform, bevor es final ins Inland ging, gewandert. Das war ein wahres Erlebnis und Lea und ich fanden es sehr cool, dass Helen da die 60 Meter oder so einfach mit runter und wieder hochgeklettert ist. Die hat mit Lukas und Gabriel auch so eine lustige Dynamik. Auf dem Weg haben wir wieder zahlreiche beeindruckende Klippen gesehen und die verschiedenen Gesteinsschichten bewundert, alles bei sehr sonnigem, aber nicht zu hei\u00dfen Wetter. Es wurde noch ein letztes Mal sehr intensiv die Meeresluft eingeatmet und wir mussten feststellen, dass die von Bert vorgeschlagene Badestelle sich in Odeseixe befindet und es jetzt keine gute Badestelle mehr gibt. Und wir waren dann ja auch schon am Ende der K\u00fcstenstrecke. Also haben wir nach \u00dcberlegungen weiter die Beine in die Hand genommen und haben bald zu den deutschen 3 aufgeschlossen, die nur noch 2 waren. Lisa und Jana n\u00e4mlich. Lea wollte die eigentlich \u00fcberholen und wieder zu unserer Gruppe aufschlie\u00dfen, ich war aber in Redelaune. So wurde sich vorgestellt und \u00fcber die Wanderung geredet, was sehr unterhaltsam war. Dann wurde es ruhiger, 10\/11 Kilometer waren geschafft und bald sollte so eine Patisserie auf Portugiesisch kommen. Jetzt auch nur noch Stra\u00dfe. Also laufen alle bei bestem Wetter a.k.a. br\u00fchender Sonne aber wenigstens ein bisschen Wind ruhig weiter. Lea und ich ziehen am Ende ein bisschen davon und kommen so vor der 15 Leute Schlange an. Wir Wanderer:innen fluten regelrecht den Laden und der Mann aus dem Restaurant von gestern erkennt uns. Es gibt f\u00fcr alle andere Sachen, die hatten sogar Pizza und Sandwiches. F\u00fcr Lea und mich aber nur Past\u00e9is de Nata und Kuchen und Kaffee. Danach wurde Brot mit Pesto gegessen. Wir sind alle sehr fertig und die F\u00fc\u00dfe anderer sind wohl sehr wund und so und es werden sogar Schmerztabletten genommen. Irgendwann raffen sich alle auf und es geht auf die letzten 8 km. Da habe ich mit Lukas \u00fcber mein Studium und mit Gabriel \u00fcber invasive Pflanzen geredet. Ach ja, so cool. Mit Gabriel habe ich bald Abstand aufgebaut und wir haben \u00fcber alles m\u00f6gliche geredet. Auch \u00fcber den Kristallmarathon in einem Bergwerk n\u00e4chstes Jahr, vielleicht mache ich den ja. Wir haben dann Lea und Martha wieder getroffen, wie im Caf\u00e9 schon. Mit denen haben wir in der Dorfeinfahrt noch \u00fcber Hunde, Katzen und Ratten geredet und was man lieber mag. Und die s\u00fc\u00dfen Schafe links angeschaut. Da waren dann auch Lisa und Jana wieder da. So hat sich langsam eine gr\u00f6\u00dfere Gruppe gebildet, die sofort festgestellt hat, dass sie sich heute aufl\u00f6st. Also wurde sich nach einiger Zeit in ein Caf\u00e9 in der Sonne gesetzt und \u00fcber das Laufen geredet. Das war schon sehr sch\u00f6n, es wurde sich dann aber entschieden weiter in das Hummus Restaurant zu gehen. Da sind dann noch mehr dazu gekommen und wir waren dann Lukas, Christoph, Lea, Martha, Anna, Anne, Gabriel, Christoph und noch eine. Das war einfach so eine tolle und wholesome Runde und es hat richtig Spa\u00df gemacht. Und der Hummus und die Falafel waren wahrscheinlich die besten, die ich je hatte. Das war so ein toller Abschluss, ich hoffe das Analoggruppenfoto ist was geworden. Irgendwann mussten Anne, Lea und ich dann los in den Bus nach Lagos. Der war dann zu sp\u00e4t, es hat aber alles geklappt. In Lagos sa\u00dfen wir noch 1 h und dann kam auch schon der 9 h Flixbus. Nach 3 mal Umsetzen war ich dann neben Lea und es wurde die Nacht \u00fcber intervallgeschlafen. Toll. <\/p>\n\n\n\n<p><\/p>\n","protected":false},"excerpt":{"rendered":"<p>11.03.2026Ich bin sehr gut ausgeruht von meinem Wecker erst um 8 Uhr aufgewacht, Alex Lukas und Lea waren da zumindest noch im Bett. Danach gab es bald wieder Haferflocken mit Orange und Apfel und N\u00fcssen und wir haben beim Fr\u00fchst\u00fcck &hellip; <a href=\"https:\/\/voigtnet.de\/?p=323\">Weiterlesen <span class=\"meta-nav\">&rarr;<\/span><\/a><\/p>\n","protected":false},"author":2,"featured_media":0,"comment_status":"open","ping_status":"open","sticky":false,"template":"","format":"standard","meta":{"footnotes":""},"categories":[5],"tags":[],"class_list":["post-323","post","type-post","status-publish","format-standard","hentry","category-portugal"],"_links":{"self":[{"href":"https:\/\/voigtnet.de\/index.php?rest_route=\/wp\/v2\/posts\/323"}],"collection":[{"href":"https:\/\/voigtnet.de\/index.php?rest_route=\/wp\/v2\/posts"}],"about":[{"href":"https:\/\/voigtnet.de\/index.php?rest_route=\/wp\/v2\/types\/post"}],"author":[{"embeddable":true,"href":"https:\/\/voigtnet.de\/index.php?rest_route=\/wp\/v2\/users\/2"}],"replies":[{"embeddable":true,"href":"https:\/\/voigtnet.de\/index.php?rest_route=%2Fwp%2Fv2%2Fcomments&post=323"}],"version-history":[{"count":1,"href":"https:\/\/voigtnet.de\/index.php?rest_route=\/wp\/v2\/posts\/323\/revisions"}],"predecessor-version":[{"id":325,"href":"https:\/\/voigtnet.de\/index.php?rest_route=\/wp\/v2\/posts\/323\/revisions\/325"}],"wp:attachment":[{"href":"https:\/\/voigtnet.de\/index.php?rest_route=%2Fwp%2Fv2%2Fmedia&parent=323"}],"wp:term":[{"taxonomy":"category","embeddable":true,"href":"https:\/\/voigtnet.de\/index.php?rest_route=%2Fwp%2Fv2%2Fcategories&post=323"},{"taxonomy":"post_tag","embeddable":true,"href":"https:\/\/voigtnet.de\/index.php?rest_route=%2Fwp%2Fv2%2Ftags&post=323"}],"curies":[{"name":"wp","href":"https:\/\/api.w.org\/{rel}","templated":true}]}}