{"id":69,"date":"2022-08-26T10:25:28","date_gmt":"2022-08-26T10:25:28","guid":{"rendered":"https:\/\/voigtnet.de\/?p=69"},"modified":"2022-08-27T21:26:51","modified_gmt":"2022-08-27T21:26:51","slug":"der-dritte-tag","status":"publish","type":"post","link":"https:\/\/voigtnet.de\/?p=69","title":{"rendered":"Der dritte Tag"},"content":{"rendered":"\n<p>Mittwoch sind wir morgens noch in Z\u00fcrich aufgewacht, Abends aber in Bergamo eingeschlafen. Wie kann das sein fragst du dich? Nun wir sind so aufgestanden, dass wir p\u00fcnktlich um 11 Uhr aus dem Airbnb, was wunderbar war, auschecken konnten, nachdem wir noch unser allmorgendlichen Porridge verspeist haben. Paula h\u00e4tte da fast ihre Ketten vergessen, Norbert hat die aber gl\u00fccklicherweise noch gefunden und uns runter gebracht. Dann sind wir \u00fcber Z\u00fcrich weiter nach Como gefahren, wo wir eigentlich die Nacht verbringen wollten. Da ist leider alles schei\u00dfeteuer und so richtig \u00fcberzeugt hat uns Como auch nicht, auch wenn der See mit den Alpen dahinter schon sch\u00f6n war. Da haben wir den Tag verbracht, so einen dicken Wei\u00dfbrotfladen mit rotem Pesto in der golden hour am Seeufer verputzt und \u00fcberlegt, wo wir \u00fcbernachten wollen. Paula hat zum Gl\u00fcck in Bergamo ein Airbnb gefunden, das ganz erschwinglich war. Dahin haben wir uns dann auf den Weg gemacht und sind um 11 oder so angekommen nach einem sehr, well, interessanten Weg. Das gute St\u00fcck war einfach \u00fcber so einem Riesensupermarkt und sehr neu gemacht und insgesamt ein bisschen sketchy, aber zweckdienlich. <\/p>\n\n\n\n<figure class=\"wp-block-image size-full\"><img loading=\"lazy\" decoding=\"async\" width=\"768\" height=\"1024\" src=\"https:\/\/voigtnet.de\/wp-content\/uploads\/2022\/08\/IMG-20220826-WA0000.jpg\" alt=\"\" class=\"wp-image-71\" srcset=\"https:\/\/voigtnet.de\/wp-content\/uploads\/2022\/08\/IMG-20220826-WA0000.jpg 768w, https:\/\/voigtnet.de\/wp-content\/uploads\/2022\/08\/IMG-20220826-WA0000-225x300.jpg 225w\" sizes=\"(max-width: 768px) 100vw, 768px\" \/><\/figure>\n","protected":false},"excerpt":{"rendered":"<p>Mittwoch sind wir morgens noch in Z\u00fcrich aufgewacht, Abends aber in Bergamo eingeschlafen. Wie kann das sein fragst du dich? Nun wir sind so aufgestanden, dass wir p\u00fcnktlich um 11 Uhr aus dem Airbnb, was wunderbar war, auschecken konnten, nachdem &hellip; <a href=\"https:\/\/voigtnet.de\/?p=69\">Weiterlesen <span class=\"meta-nav\">&rarr;<\/span><\/a><\/p>\n","protected":false},"author":2,"featured_media":0,"comment_status":"open","ping_status":"open","sticky":false,"template":"","format":"standard","meta":{"footnotes":""},"categories":[4],"tags":[],"class_list":["post-69","post","type-post","status-publish","format-standard","hentry","category-interrail"],"_links":{"self":[{"href":"https:\/\/voigtnet.de\/index.php?rest_route=\/wp\/v2\/posts\/69"}],"collection":[{"href":"https:\/\/voigtnet.de\/index.php?rest_route=\/wp\/v2\/posts"}],"about":[{"href":"https:\/\/voigtnet.de\/index.php?rest_route=\/wp\/v2\/types\/post"}],"author":[{"embeddable":true,"href":"https:\/\/voigtnet.de\/index.php?rest_route=\/wp\/v2\/users\/2"}],"replies":[{"embeddable":true,"href":"https:\/\/voigtnet.de\/index.php?rest_route=%2Fwp%2Fv2%2Fcomments&post=69"}],"version-history":[{"count":1,"href":"https:\/\/voigtnet.de\/index.php?rest_route=\/wp\/v2\/posts\/69\/revisions"}],"predecessor-version":[{"id":72,"href":"https:\/\/voigtnet.de\/index.php?rest_route=\/wp\/v2\/posts\/69\/revisions\/72"}],"wp:attachment":[{"href":"https:\/\/voigtnet.de\/index.php?rest_route=%2Fwp%2Fv2%2Fmedia&parent=69"}],"wp:term":[{"taxonomy":"category","embeddable":true,"href":"https:\/\/voigtnet.de\/index.php?rest_route=%2Fwp%2Fv2%2Fcategories&post=69"},{"taxonomy":"post_tag","embeddable":true,"href":"https:\/\/voigtnet.de\/index.php?rest_route=%2Fwp%2Fv2%2Ftags&post=69"}],"curies":[{"name":"wp","href":"https:\/\/api.w.org\/{rel}","templated":true}]}}